{"id":420,"date":"2017-03-21T17:02:40","date_gmt":"2017-03-21T17:02:40","guid":{"rendered":"http:\/\/www.resourceintegration.ca\/\/?p=420\/"},"modified":"2017-03-21T17:02:40","modified_gmt":"2017-03-21T17:02:40","slug":"inauguration-of-312-st-louis-gatineau","status":"publish","type":"post","link":"https:\/\/www.resourceintegration.ca\/en\/inauguration-of-312-st-louis-gatineau\/","title":{"rendered":"Inauguration of 312 St-Louis, Gatineau."},"content":{"rendered":"<div style=\"width: 640px;\" class=\"wp-video\"><video class=\"wp-video-shortcode\" id=\"video-420-1\" width=\"640\" height=\"360\" poster=\"http:\/\/www.resourceintegration.ca\/\/wp-content\/uploads\/2017\/03\/Capture.png\" loop autoplay preload=\"auto\" controls=\"controls\"><source type=\"video\/mp4\" src=\"http:\/\/www.resourceintegration.ca\/\/wp-content\/uploads\/2017\/03\/inauguration_video.mp4?_=1\" \/><a href=\"http:\/\/www.resourceintegration.ca\/\/wp-content\/uploads\/2017\/03\/inauguration_video.mp4\">http:\/\/www.resourceintegration.ca\/\/wp-content\/uploads\/2017\/03\/inauguration_video.mp4<\/a><\/video><\/div>\n<p>&nbsp;<\/p>\n<p>On June 16th 2014 took place the inaugural ceremony of Re-Source Int\u00e9gration\u2019s new facility in the presence of Elected Member Mr. Marc Carri\u00e8re, Municipal Counsillor M. St\u00e9phane Lauzon, Board of Trustees President Mr. Robert Racicot as well as numerous partners and special guests. Now located at 312 St-Louis Street in Gatineau, the organization gained 5,000 sq. ft. in surface to carry on the ongoing expansion of its different lines of business.<strong>\u00a0<\/strong><\/p>\n<p>&nbsp;<\/p>\n<p><img loading=\"lazy\" decoding=\"async\" class=\"alignnone size-medium wp-image-360\" src=\"http:\/\/www.resourceintegration.ca\/\/wp-content\/uploads\/2017\/03\/inauguration_01-203x300.jpg\" alt=\"\" width=\"203\" height=\"300\" srcset=\"https:\/\/www.resourceintegration.ca\/wp-content\/uploads\/2017\/03\/inauguration_01-203x300.jpg 203w, https:\/\/www.resourceintegration.ca\/wp-content\/uploads\/2017\/03\/inauguration_01.jpg 329w\" sizes=\"auto, (max-width: 203px) 100vw, 203px\" \/>\u00a0 \u00a0<img loading=\"lazy\" decoding=\"async\" class=\"alignnone size-medium wp-image-362\" src=\"http:\/\/www.resourceintegration.ca\/\/wp-content\/uploads\/2017\/03\/inauguration_02-231x300.jpg\" alt=\"\" width=\"231\" height=\"300\" srcset=\"https:\/\/www.resourceintegration.ca\/wp-content\/uploads\/2017\/03\/inauguration_02-231x300.jpg 231w, https:\/\/www.resourceintegration.ca\/wp-content\/uploads\/2017\/03\/inauguration_02.jpg 374w\" sizes=\"auto, (max-width: 231px) 100vw, 231px\" \/>\u00a0 \u00a0<img loading=\"lazy\" decoding=\"async\" class=\"alignnone wp-image-364 \" src=\"http:\/\/www.resourceintegration.ca\/\/wp-content\/uploads\/2017\/03\/inauguration_03.jpg\" alt=\"\" width=\"452\" height=\"300\" srcset=\"https:\/\/www.resourceintegration.ca\/wp-content\/uploads\/2017\/03\/inauguration_03.jpg 716w, https:\/\/www.resourceintegration.ca\/wp-content\/uploads\/2017\/03\/inauguration_03-300x199.jpg 300w, https:\/\/www.resourceintegration.ca\/wp-content\/uploads\/2017\/03\/inauguration_03-700x465.jpg 700w\" sizes=\"auto, (max-width: 452px) 100vw, 452px\" \/><\/p>\n","protected":false},"excerpt":{"rendered":"<p>&nbsp; On June 16th 2014 took place the inaugural ceremony of Re-Source Int\u00e9gration\u2019s new facility in the presence of Elected Member Mr. Marc Carri\u00e8re, Municipal Counsillor M. St\u00e9phane Lauzon, Board&#8230;<\/p>\n","protected":false},"author":1,"featured_media":361,"comment_status":"open","ping_status":"open","sticky":false,"template":"","format":"standard","meta":{"_acf_changed":false,"footnotes":""},"categories":[5],"tags":[],"class_list":["post-420","post","type-post","status-publish","format-standard","has-post-thumbnail","hentry","category-uncategorized"],"acf":[],"yoast_head":"<!-- This site is optimized with the Yoast SEO plugin v27.4 - https:\/\/yoast.com\/product\/yoast-seo-wordpress\/ -->\n<title>Inauguration - 312 St-Louis | Re-Source Int\u00e9gration | Gatineau<\/title>\n<meta name=\"robots\" content=\"index, follow, max-snippet:-1, max-image-preview:large, max-video-preview:-1\" \/>\n<link rel=\"canonical\" href=\"https:\/\/www.resourceintegration.ca\/en\/inauguration-of-312-st-louis-gatineau\/\" \/>\n<meta property=\"og:locale\" content=\"en_US\" \/>\n<meta property=\"og:type\" content=\"article\" \/>\n<meta property=\"og:title\" content=\"Inauguration - 312 St-Louis | Re-Source Int\u00e9gration | Gatineau\" \/>\n<meta property=\"og:description\" content=\"&nbsp; On June 16th 2014 took place the inaugural ceremony of Re-Source Int\u00e9gration\u2019s new facility in the presence of Elected Member Mr. Marc Carri\u00e8re, Municipal Counsillor M. St\u00e9phane Lauzon, Board...\" \/>\n<meta property=\"og:url\" content=\"https:\/\/www.resourceintegration.ca\/en\/inauguration-of-312-st-louis-gatineau\/\" \/>\n<meta property=\"og:site_name\" content=\"Re-Source Int\u00e9gration\" \/>\n<meta property=\"article:published_time\" content=\"2017-03-21T17:02:40+00:00\" \/>\n<meta property=\"og:image\" content=\"https:\/\/www.resourceintegration.ca\/wp-content\/uploads\/2017\/03\/inauguration_01.jpg\" \/>\n\t<meta property=\"og:image:width\" content=\"329\" \/>\n\t<meta property=\"og:image:height\" content=\"486\" \/>\n\t<meta property=\"og:image:type\" content=\"image\/jpeg\" \/>\n<meta name=\"author\" content=\"dist_admin\" \/>\n<meta name=\"twitter:card\" content=\"summary_large_image\" \/>\n<meta name=\"twitter:label1\" content=\"Written by\" \/>\n\t<meta name=\"twitter:data1\" content=\"dist_admin\" \/>\n\t<meta name=\"twitter:label2\" content=\"Est. reading time\" \/>\n\t<meta name=\"twitter:data2\" content=\"1 minute\" \/>\n<script type=\"application\/ld+json\" class=\"yoast-schema-graph\">{\"@context\":\"https:\\\/\\\/schema.org\",\"@graph\":[{\"@type\":\"Article\",\"@id\":\"https:\\\/\\\/www.resourceintegration.ca\\\/en\\\/inauguration-of-312-st-louis-gatineau\\\/#article\",\"isPartOf\":{\"@id\":\"https:\\\/\\\/www.resourceintegration.ca\\\/en\\\/inauguration-of-312-st-louis-gatineau\\\/\"},\"author\":{\"name\":\"dist_admin\",\"@id\":\"https:\\\/\\\/www.resourceintegration.ca\\\/#\\\/schema\\\/person\\\/abb990016f7ecd17ca2d45d81b232a48\"},\"headline\":\"Inauguration of 312 St-Louis, Gatineau.\",\"datePublished\":\"2017-03-21T17:02:40+00:00\",\"mainEntityOfPage\":{\"@id\":\"https:\\\/\\\/www.resourceintegration.ca\\\/en\\\/inauguration-of-312-st-louis-gatineau\\\/\"},\"wordCount\":107,\"commentCount\":0,\"image\":{\"@id\":\"https:\\\/\\\/www.resourceintegration.ca\\\/en\\\/inauguration-of-312-st-louis-gatineau\\\/#primaryimage\"},\"thumbnailUrl\":\"https:\\\/\\\/www.resourceintegration.ca\\\/wp-content\\\/uploads\\\/2017\\\/03\\\/inauguration_01.jpg\",\"inLanguage\":\"en-US\",\"potentialAction\":[{\"@type\":\"CommentAction\",\"name\":\"Comment\",\"target\":[\"https:\\\/\\\/www.resourceintegration.ca\\\/en\\\/inauguration-of-312-st-louis-gatineau\\\/#respond\"]}]},{\"@type\":\"WebPage\",\"@id\":\"https:\\\/\\\/www.resourceintegration.ca\\\/en\\\/inauguration-of-312-st-louis-gatineau\\\/\",\"url\":\"https:\\\/\\\/www.resourceintegration.ca\\\/en\\\/inauguration-of-312-st-louis-gatineau\\\/\",\"name\":\"Inauguration - 312 St-Louis | Re-Source Int\u00e9gration | Gatineau\",\"isPartOf\":{\"@id\":\"https:\\\/\\\/www.resourceintegration.ca\\\/#website\"},\"primaryImageOfPage\":{\"@id\":\"https:\\\/\\\/www.resourceintegration.ca\\\/en\\\/inauguration-of-312-st-louis-gatineau\\\/#primaryimage\"},\"image\":{\"@id\":\"https:\\\/\\\/www.resourceintegration.ca\\\/en\\\/inauguration-of-312-st-louis-gatineau\\\/#primaryimage\"},\"thumbnailUrl\":\"https:\\\/\\\/www.resourceintegration.ca\\\/wp-content\\\/uploads\\\/2017\\\/03\\\/inauguration_01.jpg\",\"datePublished\":\"2017-03-21T17:02:40+00:00\",\"author\":{\"@id\":\"https:\\\/\\\/www.resourceintegration.ca\\\/#\\\/schema\\\/person\\\/abb990016f7ecd17ca2d45d81b232a48\"},\"breadcrumb\":{\"@id\":\"https:\\\/\\\/www.resourceintegration.ca\\\/en\\\/inauguration-of-312-st-louis-gatineau\\\/#breadcrumb\"},\"inLanguage\":\"en-US\",\"potentialAction\":[{\"@type\":\"ReadAction\",\"target\":[\"https:\\\/\\\/www.resourceintegration.ca\\\/en\\\/inauguration-of-312-st-louis-gatineau\\\/\"]}]},{\"@type\":\"ImageObject\",\"inLanguage\":\"en-US\",\"@id\":\"https:\\\/\\\/www.resourceintegration.ca\\\/en\\\/inauguration-of-312-st-louis-gatineau\\\/#primaryimage\",\"url\":\"https:\\\/\\\/www.resourceintegration.ca\\\/wp-content\\\/uploads\\\/2017\\\/03\\\/inauguration_01.jpg\",\"contentUrl\":\"https:\\\/\\\/www.resourceintegration.ca\\\/wp-content\\\/uploads\\\/2017\\\/03\\\/inauguration_01.jpg\",\"width\":329,\"height\":486},{\"@type\":\"BreadcrumbList\",\"@id\":\"https:\\\/\\\/www.resourceintegration.ca\\\/en\\\/inauguration-of-312-st-louis-gatineau\\\/#breadcrumb\",\"itemListElement\":[{\"@type\":\"ListItem\",\"position\":1,\"name\":\"Accueil\",\"item\":\"https:\\\/\\\/www.resourceintegration.ca\\\/en\\\/\"},{\"@type\":\"ListItem\",\"position\":2,\"name\":\"Inauguration of 312 St-Louis, Gatineau.\"}]},{\"@type\":\"WebSite\",\"@id\":\"https:\\\/\\\/www.resourceintegration.ca\\\/#website\",\"url\":\"https:\\\/\\\/www.resourceintegration.ca\\\/\",\"name\":\"Re-Source Int\u00e9gration\",\"description\":\"Une force socio\u00e9conomique, des travailleurs engag\u00e9s.\",\"potentialAction\":[{\"@type\":\"SearchAction\",\"target\":{\"@type\":\"EntryPoint\",\"urlTemplate\":\"https:\\\/\\\/www.resourceintegration.ca\\\/?s={search_term_string}\"},\"query-input\":{\"@type\":\"PropertyValueSpecification\",\"valueRequired\":true,\"valueName\":\"search_term_string\"}}],\"inLanguage\":\"en-US\"},{\"@type\":\"Person\",\"@id\":\"https:\\\/\\\/www.resourceintegration.ca\\\/#\\\/schema\\\/person\\\/abb990016f7ecd17ca2d45d81b232a48\",\"name\":\"dist_admin\",\"image\":{\"@type\":\"ImageObject\",\"inLanguage\":\"en-US\",\"@id\":\"https:\\\/\\\/secure.gravatar.com\\\/avatar\\\/fd0b7a114a6048ea6c3580a47f39b5e4e37759efd40d90c776eba4eaa65c2860?s=96&d=mm&r=g\",\"url\":\"https:\\\/\\\/secure.gravatar.com\\\/avatar\\\/fd0b7a114a6048ea6c3580a47f39b5e4e37759efd40d90c776eba4eaa65c2860?s=96&d=mm&r=g\",\"contentUrl\":\"https:\\\/\\\/secure.gravatar.com\\\/avatar\\\/fd0b7a114a6048ea6c3580a47f39b5e4e37759efd40d90c776eba4eaa65c2860?s=96&d=mm&r=g\",\"caption\":\"dist_admin\"},\"url\":\"https:\\\/\\\/www.resourceintegration.ca\\\/en\\\/author\\\/dist_admin\\\/\"}]}<\/script>\n<!-- \/ Yoast SEO plugin. -->","yoast_head_json":{"title":"Inauguration - 312 St-Louis | Re-Source Int\u00e9gration | Gatineau","robots":{"index":"index","follow":"follow","max-snippet":"max-snippet:-1","max-image-preview":"max-image-preview:large","max-video-preview":"max-video-preview:-1"},"canonical":"https:\/\/www.resourceintegration.ca\/en\/inauguration-of-312-st-louis-gatineau\/","og_locale":"en_US","og_type":"article","og_title":"Inauguration - 312 St-Louis | Re-Source Int\u00e9gration | Gatineau","og_description":"&nbsp; On June 16th 2014 took place the inaugural ceremony of Re-Source Int\u00e9gration\u2019s new facility in the presence of Elected Member Mr. Marc Carri\u00e8re, Municipal Counsillor M. St\u00e9phane Lauzon, Board...","og_url":"https:\/\/www.resourceintegration.ca\/en\/inauguration-of-312-st-louis-gatineau\/","og_site_name":"Re-Source Int\u00e9gration","article_published_time":"2017-03-21T17:02:40+00:00","og_image":[{"width":329,"height":486,"url":"https:\/\/www.resourceintegration.ca\/wp-content\/uploads\/2017\/03\/inauguration_01.jpg","type":"image\/jpeg"}],"author":"dist_admin","twitter_card":"summary_large_image","twitter_misc":{"Written by":"dist_admin","Est. reading time":"1 minute"},"schema":{"@context":"https:\/\/schema.org","@graph":[{"@type":"Article","@id":"https:\/\/www.resourceintegration.ca\/en\/inauguration-of-312-st-louis-gatineau\/#article","isPartOf":{"@id":"https:\/\/www.resourceintegration.ca\/en\/inauguration-of-312-st-louis-gatineau\/"},"author":{"name":"dist_admin","@id":"https:\/\/www.resourceintegration.ca\/#\/schema\/person\/abb990016f7ecd17ca2d45d81b232a48"},"headline":"Inauguration of 312 St-Louis, Gatineau.","datePublished":"2017-03-21T17:02:40+00:00","mainEntityOfPage":{"@id":"https:\/\/www.resourceintegration.ca\/en\/inauguration-of-312-st-louis-gatineau\/"},"wordCount":107,"commentCount":0,"image":{"@id":"https:\/\/www.resourceintegration.ca\/en\/inauguration-of-312-st-louis-gatineau\/#primaryimage"},"thumbnailUrl":"https:\/\/www.resourceintegration.ca\/wp-content\/uploads\/2017\/03\/inauguration_01.jpg","inLanguage":"en-US","potentialAction":[{"@type":"CommentAction","name":"Comment","target":["https:\/\/www.resourceintegration.ca\/en\/inauguration-of-312-st-louis-gatineau\/#respond"]}]},{"@type":"WebPage","@id":"https:\/\/www.resourceintegration.ca\/en\/inauguration-of-312-st-louis-gatineau\/","url":"https:\/\/www.resourceintegration.ca\/en\/inauguration-of-312-st-louis-gatineau\/","name":"Inauguration - 312 St-Louis | Re-Source Int\u00e9gration | Gatineau","isPartOf":{"@id":"https:\/\/www.resourceintegration.ca\/#website"},"primaryImageOfPage":{"@id":"https:\/\/www.resourceintegration.ca\/en\/inauguration-of-312-st-louis-gatineau\/#primaryimage"},"image":{"@id":"https:\/\/www.resourceintegration.ca\/en\/inauguration-of-312-st-louis-gatineau\/#primaryimage"},"thumbnailUrl":"https:\/\/www.resourceintegration.ca\/wp-content\/uploads\/2017\/03\/inauguration_01.jpg","datePublished":"2017-03-21T17:02:40+00:00","author":{"@id":"https:\/\/www.resourceintegration.ca\/#\/schema\/person\/abb990016f7ecd17ca2d45d81b232a48"},"breadcrumb":{"@id":"https:\/\/www.resourceintegration.ca\/en\/inauguration-of-312-st-louis-gatineau\/#breadcrumb"},"inLanguage":"en-US","potentialAction":[{"@type":"ReadAction","target":["https:\/\/www.resourceintegration.ca\/en\/inauguration-of-312-st-louis-gatineau\/"]}]},{"@type":"ImageObject","inLanguage":"en-US","@id":"https:\/\/www.resourceintegration.ca\/en\/inauguration-of-312-st-louis-gatineau\/#primaryimage","url":"https:\/\/www.resourceintegration.ca\/wp-content\/uploads\/2017\/03\/inauguration_01.jpg","contentUrl":"https:\/\/www.resourceintegration.ca\/wp-content\/uploads\/2017\/03\/inauguration_01.jpg","width":329,"height":486},{"@type":"BreadcrumbList","@id":"https:\/\/www.resourceintegration.ca\/en\/inauguration-of-312-st-louis-gatineau\/#breadcrumb","itemListElement":[{"@type":"ListItem","position":1,"name":"Accueil","item":"https:\/\/www.resourceintegration.ca\/en\/"},{"@type":"ListItem","position":2,"name":"Inauguration of 312 St-Louis, Gatineau."}]},{"@type":"WebSite","@id":"https:\/\/www.resourceintegration.ca\/#website","url":"https:\/\/www.resourceintegration.ca\/","name":"Re-Source Int\u00e9gration","description":"Une force socio\u00e9conomique, des travailleurs engag\u00e9s.","potentialAction":[{"@type":"SearchAction","target":{"@type":"EntryPoint","urlTemplate":"https:\/\/www.resourceintegration.ca\/?s={search_term_string}"},"query-input":{"@type":"PropertyValueSpecification","valueRequired":true,"valueName":"search_term_string"}}],"inLanguage":"en-US"},{"@type":"Person","@id":"https:\/\/www.resourceintegration.ca\/#\/schema\/person\/abb990016f7ecd17ca2d45d81b232a48","name":"dist_admin","image":{"@type":"ImageObject","inLanguage":"en-US","@id":"https:\/\/secure.gravatar.com\/avatar\/fd0b7a114a6048ea6c3580a47f39b5e4e37759efd40d90c776eba4eaa65c2860?s=96&d=mm&r=g","url":"https:\/\/secure.gravatar.com\/avatar\/fd0b7a114a6048ea6c3580a47f39b5e4e37759efd40d90c776eba4eaa65c2860?s=96&d=mm&r=g","contentUrl":"https:\/\/secure.gravatar.com\/avatar\/fd0b7a114a6048ea6c3580a47f39b5e4e37759efd40d90c776eba4eaa65c2860?s=96&d=mm&r=g","caption":"dist_admin"},"url":"https:\/\/www.resourceintegration.ca\/en\/author\/dist_admin\/"}]}},"_links":{"self":[{"href":"https:\/\/www.resourceintegration.ca\/en\/wp-json\/wp\/v2\/posts\/420","targetHints":{"allow":["GET"]}}],"collection":[{"href":"https:\/\/www.resourceintegration.ca\/en\/wp-json\/wp\/v2\/posts"}],"about":[{"href":"https:\/\/www.resourceintegration.ca\/en\/wp-json\/wp\/v2\/types\/post"}],"author":[{"embeddable":true,"href":"https:\/\/www.resourceintegration.ca\/en\/wp-json\/wp\/v2\/users\/1"}],"replies":[{"embeddable":true,"href":"https:\/\/www.resourceintegration.ca\/en\/wp-json\/wp\/v2\/comments?post=420"}],"version-history":[{"count":1,"href":"https:\/\/www.resourceintegration.ca\/en\/wp-json\/wp\/v2\/posts\/420\/revisions"}],"predecessor-version":[{"id":421,"href":"https:\/\/www.resourceintegration.ca\/en\/wp-json\/wp\/v2\/posts\/420\/revisions\/421"}],"wp:featuredmedia":[{"embeddable":true,"href":"https:\/\/www.resourceintegration.ca\/en\/wp-json\/wp\/v2\/media\/361"}],"wp:attachment":[{"href":"https:\/\/www.resourceintegration.ca\/en\/wp-json\/wp\/v2\/media?parent=420"}],"wp:term":[{"taxonomy":"category","embeddable":true,"href":"https:\/\/www.resourceintegration.ca\/en\/wp-json\/wp\/v2\/categories?post=420"},{"taxonomy":"post_tag","embeddable":true,"href":"https:\/\/www.resourceintegration.ca\/en\/wp-json\/wp\/v2\/tags?post=420"}],"curies":[{"name":"wp","href":"https:\/\/api.w.org\/{rel}","templated":true}]}}