{"id":429,"date":"2017-03-21T17:13:28","date_gmt":"2017-03-21T17:13:28","guid":{"rendered":"http:\/\/www.resourceintegration.ca\/\/?p=429\/"},"modified":"2017-03-21T17:13:28","modified_gmt":"2017-03-21T17:13:28","slug":"elected-member-steven-mackinnon-visits-re-source-integration","status":"publish","type":"post","link":"https:\/\/www.resourceintegration.ca\/en\/elected-member-steven-mackinnon-visits-re-source-integration\/","title":{"rendered":"Elected Member Steven MacKinnon visits Re-Source Int\u00e9gration"},"content":{"rendered":"<div style=\"width: 720px;\" class=\"wp-video\"><video class=\"wp-video-shortcode\" id=\"video-429-1\" width=\"720\" height=\"540\" loop autoplay preload=\"auto\" controls=\"controls\"><source type=\"video\/mp4\" src=\"http:\/\/www.resourceintegration.ca\/\/wp-content\/uploads\/2017\/03\/kinnon_video.mp4?_=1\" \/><a href=\"http:\/\/www.resourceintegration.ca\/\/wp-content\/uploads\/2017\/03\/kinnon_video.mp4\">http:\/\/www.resourceintegration.ca\/\/wp-content\/uploads\/2017\/03\/kinnon_video.mp4<\/a><\/video><\/div>\n<p>&nbsp;<\/p>\n<p>Re-Source Int\u00e9gration\u2019s Board of Trustees and personnel welcomed with great honor Elected Member Steven MacKinnon in its workplace on Tuesday August 23rd 2016 for a grand tour of the entire facility. Employees were thrilled to explain the different lines of business and demonstrate their skills. In a moving speech, Mr. MacKinnon praised their excellent work and the important social contribution of such work in the ongoing goal of improving our environment.<\/p>\n<p>&nbsp;<\/p>\n<p><img loading=\"lazy\" decoding=\"async\" class=\"alignnone wp-image-370 size-full\" src=\"http:\/\/www.resourceintegration.ca\/\/wp-content\/uploads\/2017\/03\/stevemakinon_01.jpg\" alt=\"\" width=\"332\" height=\"443\" srcset=\"https:\/\/www.resourceintegration.ca\/wp-content\/uploads\/2017\/03\/stevemakinon_01.jpg 332w, https:\/\/www.resourceintegration.ca\/wp-content\/uploads\/2017\/03\/stevemakinon_01-225x300.jpg 225w\" sizes=\"auto, (max-width: 332px) 100vw, 332px\" \/>\u00a0 \u00a0<img loading=\"lazy\" decoding=\"async\" class=\"alignnone wp-image-372 size-full\" src=\"http:\/\/www.resourceintegration.ca\/\/wp-content\/uploads\/2017\/03\/stevemakinon_02.jpg\" alt=\"\" width=\"332\" height=\"443\" srcset=\"https:\/\/www.resourceintegration.ca\/wp-content\/uploads\/2017\/03\/stevemakinon_02.jpg 332w, https:\/\/www.resourceintegration.ca\/wp-content\/uploads\/2017\/03\/stevemakinon_02-225x300.jpg 225w\" sizes=\"auto, (max-width: 332px) 100vw, 332px\" \/><\/p>\n","protected":false},"excerpt":{"rendered":"<p>&nbsp; Re-Source Int\u00e9gration\u2019s Board of Trustees and personnel welcomed with great honor Elected Member Steven MacKinnon in its workplace on Tuesday August 23rd 2016 for a grand tour of the&#8230;<\/p>\n","protected":false},"author":1,"featured_media":371,"comment_status":"open","ping_status":"open","sticky":false,"template":"","format":"standard","meta":{"_acf_changed":false,"footnotes":""},"categories":[5],"tags":[],"class_list":["post-429","post","type-post","status-publish","format-standard","has-post-thumbnail","hentry","category-uncategorized"],"acf":[],"yoast_head":"<!-- This site is optimized with the Yoast SEO plugin v27.4 - https:\/\/yoast.com\/product\/yoast-seo-wordpress\/ -->\n<title>Steven Mackinnon visits | Re-Source Int\u00e9gration | Gatineau<\/title>\n<meta name=\"robots\" content=\"index, follow, max-snippet:-1, max-image-preview:large, max-video-preview:-1\" \/>\n<link rel=\"canonical\" href=\"https:\/\/www.resourceintegration.ca\/en\/elected-member-steven-mackinnon-visits-re-source-integration\/\" \/>\n<meta property=\"og:locale\" content=\"en_US\" \/>\n<meta property=\"og:type\" content=\"article\" \/>\n<meta property=\"og:title\" content=\"Steven Mackinnon visits | Re-Source Int\u00e9gration | Gatineau\" \/>\n<meta property=\"og:description\" content=\"&nbsp; Re-Source Int\u00e9gration\u2019s Board of Trustees and personnel welcomed with great honor Elected Member Steven MacKinnon in its workplace on Tuesday August 23rd 2016 for a grand tour of the...\" \/>\n<meta property=\"og:url\" content=\"https:\/\/www.resourceintegration.ca\/en\/elected-member-steven-mackinnon-visits-re-source-integration\/\" \/>\n<meta property=\"og:site_name\" content=\"Re-Source Int\u00e9gration\" \/>\n<meta property=\"article:published_time\" content=\"2017-03-21T17:13:28+00:00\" \/>\n<meta property=\"og:image\" content=\"https:\/\/www.resourceintegration.ca\/wp-content\/uploads\/2017\/03\/stevemakinon_01.jpg\" \/>\n\t<meta property=\"og:image:width\" content=\"332\" \/>\n\t<meta property=\"og:image:height\" content=\"443\" \/>\n\t<meta property=\"og:image:type\" content=\"image\/jpeg\" \/>\n<meta name=\"author\" content=\"dist_admin\" \/>\n<meta name=\"twitter:card\" content=\"summary_large_image\" \/>\n<meta name=\"twitter:label1\" content=\"Written by\" \/>\n\t<meta name=\"twitter:data1\" content=\"dist_admin\" \/>\n<script type=\"application\/ld+json\" class=\"yoast-schema-graph\">{\"@context\":\"https:\\\/\\\/schema.org\",\"@graph\":[{\"@type\":\"Article\",\"@id\":\"https:\\\/\\\/www.resourceintegration.ca\\\/en\\\/elected-member-steven-mackinnon-visits-re-source-integration\\\/#article\",\"isPartOf\":{\"@id\":\"https:\\\/\\\/www.resourceintegration.ca\\\/en\\\/elected-member-steven-mackinnon-visits-re-source-integration\\\/\"},\"author\":{\"name\":\"dist_admin\",\"@id\":\"https:\\\/\\\/www.resourceintegration.ca\\\/#\\\/schema\\\/person\\\/abb990016f7ecd17ca2d45d81b232a48\"},\"headline\":\"Elected Member Steven MacKinnon visits Re-Source Int\u00e9gration\",\"datePublished\":\"2017-03-21T17:13:28+00:00\",\"mainEntityOfPage\":{\"@id\":\"https:\\\/\\\/www.resourceintegration.ca\\\/en\\\/elected-member-steven-mackinnon-visits-re-source-integration\\\/\"},\"wordCount\":102,\"commentCount\":0,\"image\":{\"@id\":\"https:\\\/\\\/www.resourceintegration.ca\\\/en\\\/elected-member-steven-mackinnon-visits-re-source-integration\\\/#primaryimage\"},\"thumbnailUrl\":\"https:\\\/\\\/www.resourceintegration.ca\\\/wp-content\\\/uploads\\\/2017\\\/03\\\/stevemakinon_01.jpg\",\"inLanguage\":\"en-US\",\"potentialAction\":[{\"@type\":\"CommentAction\",\"name\":\"Comment\",\"target\":[\"https:\\\/\\\/www.resourceintegration.ca\\\/en\\\/elected-member-steven-mackinnon-visits-re-source-integration\\\/#respond\"]}]},{\"@type\":\"WebPage\",\"@id\":\"https:\\\/\\\/www.resourceintegration.ca\\\/en\\\/elected-member-steven-mackinnon-visits-re-source-integration\\\/\",\"url\":\"https:\\\/\\\/www.resourceintegration.ca\\\/en\\\/elected-member-steven-mackinnon-visits-re-source-integration\\\/\",\"name\":\"Steven Mackinnon visits | Re-Source Int\u00e9gration | Gatineau\",\"isPartOf\":{\"@id\":\"https:\\\/\\\/www.resourceintegration.ca\\\/#website\"},\"primaryImageOfPage\":{\"@id\":\"https:\\\/\\\/www.resourceintegration.ca\\\/en\\\/elected-member-steven-mackinnon-visits-re-source-integration\\\/#primaryimage\"},\"image\":{\"@id\":\"https:\\\/\\\/www.resourceintegration.ca\\\/en\\\/elected-member-steven-mackinnon-visits-re-source-integration\\\/#primaryimage\"},\"thumbnailUrl\":\"https:\\\/\\\/www.resourceintegration.ca\\\/wp-content\\\/uploads\\\/2017\\\/03\\\/stevemakinon_01.jpg\",\"datePublished\":\"2017-03-21T17:13:28+00:00\",\"author\":{\"@id\":\"https:\\\/\\\/www.resourceintegration.ca\\\/#\\\/schema\\\/person\\\/abb990016f7ecd17ca2d45d81b232a48\"},\"breadcrumb\":{\"@id\":\"https:\\\/\\\/www.resourceintegration.ca\\\/en\\\/elected-member-steven-mackinnon-visits-re-source-integration\\\/#breadcrumb\"},\"inLanguage\":\"en-US\",\"potentialAction\":[{\"@type\":\"ReadAction\",\"target\":[\"https:\\\/\\\/www.resourceintegration.ca\\\/en\\\/elected-member-steven-mackinnon-visits-re-source-integration\\\/\"]}]},{\"@type\":\"ImageObject\",\"inLanguage\":\"en-US\",\"@id\":\"https:\\\/\\\/www.resourceintegration.ca\\\/en\\\/elected-member-steven-mackinnon-visits-re-source-integration\\\/#primaryimage\",\"url\":\"https:\\\/\\\/www.resourceintegration.ca\\\/wp-content\\\/uploads\\\/2017\\\/03\\\/stevemakinon_01.jpg\",\"contentUrl\":\"https:\\\/\\\/www.resourceintegration.ca\\\/wp-content\\\/uploads\\\/2017\\\/03\\\/stevemakinon_01.jpg\",\"width\":332,\"height\":443},{\"@type\":\"BreadcrumbList\",\"@id\":\"https:\\\/\\\/www.resourceintegration.ca\\\/en\\\/elected-member-steven-mackinnon-visits-re-source-integration\\\/#breadcrumb\",\"itemListElement\":[{\"@type\":\"ListItem\",\"position\":1,\"name\":\"Accueil\",\"item\":\"https:\\\/\\\/www.resourceintegration.ca\\\/en\\\/\"},{\"@type\":\"ListItem\",\"position\":2,\"name\":\"Elected Member Steven MacKinnon visits Re-Source Int\u00e9gration\"}]},{\"@type\":\"WebSite\",\"@id\":\"https:\\\/\\\/www.resourceintegration.ca\\\/#website\",\"url\":\"https:\\\/\\\/www.resourceintegration.ca\\\/\",\"name\":\"Re-Source Int\u00e9gration\",\"description\":\"Une force socio\u00e9conomique, des travailleurs engag\u00e9s.\",\"potentialAction\":[{\"@type\":\"SearchAction\",\"target\":{\"@type\":\"EntryPoint\",\"urlTemplate\":\"https:\\\/\\\/www.resourceintegration.ca\\\/?s={search_term_string}\"},\"query-input\":{\"@type\":\"PropertyValueSpecification\",\"valueRequired\":true,\"valueName\":\"search_term_string\"}}],\"inLanguage\":\"en-US\"},{\"@type\":\"Person\",\"@id\":\"https:\\\/\\\/www.resourceintegration.ca\\\/#\\\/schema\\\/person\\\/abb990016f7ecd17ca2d45d81b232a48\",\"name\":\"dist_admin\",\"image\":{\"@type\":\"ImageObject\",\"inLanguage\":\"en-US\",\"@id\":\"https:\\\/\\\/secure.gravatar.com\\\/avatar\\\/fd0b7a114a6048ea6c3580a47f39b5e4e37759efd40d90c776eba4eaa65c2860?s=96&d=mm&r=g\",\"url\":\"https:\\\/\\\/secure.gravatar.com\\\/avatar\\\/fd0b7a114a6048ea6c3580a47f39b5e4e37759efd40d90c776eba4eaa65c2860?s=96&d=mm&r=g\",\"contentUrl\":\"https:\\\/\\\/secure.gravatar.com\\\/avatar\\\/fd0b7a114a6048ea6c3580a47f39b5e4e37759efd40d90c776eba4eaa65c2860?s=96&d=mm&r=g\",\"caption\":\"dist_admin\"},\"url\":\"https:\\\/\\\/www.resourceintegration.ca\\\/en\\\/author\\\/dist_admin\\\/\"}]}<\/script>\n<!-- \/ Yoast SEO plugin. -->","yoast_head_json":{"title":"Steven Mackinnon visits | Re-Source Int\u00e9gration | Gatineau","robots":{"index":"index","follow":"follow","max-snippet":"max-snippet:-1","max-image-preview":"max-image-preview:large","max-video-preview":"max-video-preview:-1"},"canonical":"https:\/\/www.resourceintegration.ca\/en\/elected-member-steven-mackinnon-visits-re-source-integration\/","og_locale":"en_US","og_type":"article","og_title":"Steven Mackinnon visits | Re-Source Int\u00e9gration | Gatineau","og_description":"&nbsp; Re-Source Int\u00e9gration\u2019s Board of Trustees and personnel welcomed with great honor Elected Member Steven MacKinnon in its workplace on Tuesday August 23rd 2016 for a grand tour of the...","og_url":"https:\/\/www.resourceintegration.ca\/en\/elected-member-steven-mackinnon-visits-re-source-integration\/","og_site_name":"Re-Source Int\u00e9gration","article_published_time":"2017-03-21T17:13:28+00:00","og_image":[{"width":332,"height":443,"url":"https:\/\/www.resourceintegration.ca\/wp-content\/uploads\/2017\/03\/stevemakinon_01.jpg","type":"image\/jpeg"}],"author":"dist_admin","twitter_card":"summary_large_image","twitter_misc":{"Written by":"dist_admin"},"schema":{"@context":"https:\/\/schema.org","@graph":[{"@type":"Article","@id":"https:\/\/www.resourceintegration.ca\/en\/elected-member-steven-mackinnon-visits-re-source-integration\/#article","isPartOf":{"@id":"https:\/\/www.resourceintegration.ca\/en\/elected-member-steven-mackinnon-visits-re-source-integration\/"},"author":{"name":"dist_admin","@id":"https:\/\/www.resourceintegration.ca\/#\/schema\/person\/abb990016f7ecd17ca2d45d81b232a48"},"headline":"Elected Member Steven MacKinnon visits Re-Source Int\u00e9gration","datePublished":"2017-03-21T17:13:28+00:00","mainEntityOfPage":{"@id":"https:\/\/www.resourceintegration.ca\/en\/elected-member-steven-mackinnon-visits-re-source-integration\/"},"wordCount":102,"commentCount":0,"image":{"@id":"https:\/\/www.resourceintegration.ca\/en\/elected-member-steven-mackinnon-visits-re-source-integration\/#primaryimage"},"thumbnailUrl":"https:\/\/www.resourceintegration.ca\/wp-content\/uploads\/2017\/03\/stevemakinon_01.jpg","inLanguage":"en-US","potentialAction":[{"@type":"CommentAction","name":"Comment","target":["https:\/\/www.resourceintegration.ca\/en\/elected-member-steven-mackinnon-visits-re-source-integration\/#respond"]}]},{"@type":"WebPage","@id":"https:\/\/www.resourceintegration.ca\/en\/elected-member-steven-mackinnon-visits-re-source-integration\/","url":"https:\/\/www.resourceintegration.ca\/en\/elected-member-steven-mackinnon-visits-re-source-integration\/","name":"Steven Mackinnon visits | Re-Source Int\u00e9gration | Gatineau","isPartOf":{"@id":"https:\/\/www.resourceintegration.ca\/#website"},"primaryImageOfPage":{"@id":"https:\/\/www.resourceintegration.ca\/en\/elected-member-steven-mackinnon-visits-re-source-integration\/#primaryimage"},"image":{"@id":"https:\/\/www.resourceintegration.ca\/en\/elected-member-steven-mackinnon-visits-re-source-integration\/#primaryimage"},"thumbnailUrl":"https:\/\/www.resourceintegration.ca\/wp-content\/uploads\/2017\/03\/stevemakinon_01.jpg","datePublished":"2017-03-21T17:13:28+00:00","author":{"@id":"https:\/\/www.resourceintegration.ca\/#\/schema\/person\/abb990016f7ecd17ca2d45d81b232a48"},"breadcrumb":{"@id":"https:\/\/www.resourceintegration.ca\/en\/elected-member-steven-mackinnon-visits-re-source-integration\/#breadcrumb"},"inLanguage":"en-US","potentialAction":[{"@type":"ReadAction","target":["https:\/\/www.resourceintegration.ca\/en\/elected-member-steven-mackinnon-visits-re-source-integration\/"]}]},{"@type":"ImageObject","inLanguage":"en-US","@id":"https:\/\/www.resourceintegration.ca\/en\/elected-member-steven-mackinnon-visits-re-source-integration\/#primaryimage","url":"https:\/\/www.resourceintegration.ca\/wp-content\/uploads\/2017\/03\/stevemakinon_01.jpg","contentUrl":"https:\/\/www.resourceintegration.ca\/wp-content\/uploads\/2017\/03\/stevemakinon_01.jpg","width":332,"height":443},{"@type":"BreadcrumbList","@id":"https:\/\/www.resourceintegration.ca\/en\/elected-member-steven-mackinnon-visits-re-source-integration\/#breadcrumb","itemListElement":[{"@type":"ListItem","position":1,"name":"Accueil","item":"https:\/\/www.resourceintegration.ca\/en\/"},{"@type":"ListItem","position":2,"name":"Elected Member Steven MacKinnon visits Re-Source Int\u00e9gration"}]},{"@type":"WebSite","@id":"https:\/\/www.resourceintegration.ca\/#website","url":"https:\/\/www.resourceintegration.ca\/","name":"Re-Source Int\u00e9gration","description":"Une force socio\u00e9conomique, des travailleurs engag\u00e9s.","potentialAction":[{"@type":"SearchAction","target":{"@type":"EntryPoint","urlTemplate":"https:\/\/www.resourceintegration.ca\/?s={search_term_string}"},"query-input":{"@type":"PropertyValueSpecification","valueRequired":true,"valueName":"search_term_string"}}],"inLanguage":"en-US"},{"@type":"Person","@id":"https:\/\/www.resourceintegration.ca\/#\/schema\/person\/abb990016f7ecd17ca2d45d81b232a48","name":"dist_admin","image":{"@type":"ImageObject","inLanguage":"en-US","@id":"https:\/\/secure.gravatar.com\/avatar\/fd0b7a114a6048ea6c3580a47f39b5e4e37759efd40d90c776eba4eaa65c2860?s=96&d=mm&r=g","url":"https:\/\/secure.gravatar.com\/avatar\/fd0b7a114a6048ea6c3580a47f39b5e4e37759efd40d90c776eba4eaa65c2860?s=96&d=mm&r=g","contentUrl":"https:\/\/secure.gravatar.com\/avatar\/fd0b7a114a6048ea6c3580a47f39b5e4e37759efd40d90c776eba4eaa65c2860?s=96&d=mm&r=g","caption":"dist_admin"},"url":"https:\/\/www.resourceintegration.ca\/en\/author\/dist_admin\/"}]}},"_links":{"self":[{"href":"https:\/\/www.resourceintegration.ca\/en\/wp-json\/wp\/v2\/posts\/429","targetHints":{"allow":["GET"]}}],"collection":[{"href":"https:\/\/www.resourceintegration.ca\/en\/wp-json\/wp\/v2\/posts"}],"about":[{"href":"https:\/\/www.resourceintegration.ca\/en\/wp-json\/wp\/v2\/types\/post"}],"author":[{"embeddable":true,"href":"https:\/\/www.resourceintegration.ca\/en\/wp-json\/wp\/v2\/users\/1"}],"replies":[{"embeddable":true,"href":"https:\/\/www.resourceintegration.ca\/en\/wp-json\/wp\/v2\/comments?post=429"}],"version-history":[{"count":1,"href":"https:\/\/www.resourceintegration.ca\/en\/wp-json\/wp\/v2\/posts\/429\/revisions"}],"predecessor-version":[{"id":430,"href":"https:\/\/www.resourceintegration.ca\/en\/wp-json\/wp\/v2\/posts\/429\/revisions\/430"}],"wp:featuredmedia":[{"embeddable":true,"href":"https:\/\/www.resourceintegration.ca\/en\/wp-json\/wp\/v2\/media\/371"}],"wp:attachment":[{"href":"https:\/\/www.resourceintegration.ca\/en\/wp-json\/wp\/v2\/media?parent=429"}],"wp:term":[{"taxonomy":"category","embeddable":true,"href":"https:\/\/www.resourceintegration.ca\/en\/wp-json\/wp\/v2\/categories?post=429"},{"taxonomy":"post_tag","embeddable":true,"href":"https:\/\/www.resourceintegration.ca\/en\/wp-json\/wp\/v2\/tags?post=429"}],"curies":[{"name":"wp","href":"https:\/\/api.w.org\/{rel}","templated":true}]}}